{"id":8768,"date":"2024-07-30T16:03:19","date_gmt":"2024-07-30T14:03:19","guid":{"rendered":"https:\/\/optimacall.ro\/?p=8768"},"modified":"2024-07-30T16:13:00","modified_gmt":"2024-07-30T14:13:00","slug":"el-proyecto-recicla-y-dona-de-optima-cuando-reciclas-el-mundo-lo-salvas","status":"publish","type":"post","link":"https:\/\/optimacall.ro\/es\/el-proyecto-recicla-y-dona-de-optima-cuando-reciclas-el-mundo-lo-salvas\/","title":{"rendered":"Proyecto Recicla y Dona en Optima: \u00a1Cuando reciclas, salvas el mundo!"},"content":{"rendered":"<style>.elementor-8768 .elementor-element.elementor-element-e2c6525{--display:flex;--flex-direction:column;--container-widget-width:100%;--container-widget-height:initial;--container-widget-flex-grow:0;--container-widget-align-self:initial;--flex-wrap-mobile:wrap;overflow:visible;}.elementor-8768 .elementor-element.elementor-element-e2c6525.e-con{--flex-grow:0;--flex-shrink:0;}.elementor-widget-image .widget-image-caption{color:var( --e-global-color-text );font-family:var( --e-global-typography-text-font-family ), Sans-serif;font-size:var( --e-global-typography-text-font-size );font-weight:var( --e-global-typography-text-font-weight );line-height:var( --e-global-typography-text-line-height );}.elementor-widget-heading .elementor-heading-title{font-family:var( --e-global-typography-primary-font-family ), Sans-serif;font-size:var( --e-global-typography-primary-font-size );font-weight:var( --e-global-typography-primary-font-weight );line-height:var( --e-global-typography-primary-line-height );color:var( --e-global-color-primary );}.elementor-8768 .elementor-element.elementor-element-deac12e{text-align:left;}.elementor-8768 .elementor-element.elementor-element-deac12e .elementor-heading-title{font-family:var( --e-global-typography-secondary-font-family ), Sans-serif;font-size:var( --e-global-typography-secondary-font-size );font-weight:var( --e-global-typography-secondary-font-weight );line-height:var( --e-global-typography-secondary-line-height );}.elementor-widget-text-editor{font-family:var( --e-global-typography-text-font-family ), Sans-serif;font-size:var( --e-global-typography-text-font-size );font-weight:var( --e-global-typography-text-font-weight );line-height:var( --e-global-typography-text-line-height );color:var( --e-global-color-text );}.elementor-widget-text-editor.elementor-drop-cap-view-stacked .elementor-drop-cap{background-color:var( --e-global-color-primary );}.elementor-widget-text-editor.elementor-drop-cap-view-framed .elementor-drop-cap, .elementor-widget-text-editor.elementor-drop-cap-view-default .elementor-drop-cap{color:var( --e-global-color-primary );border-color:var( --e-global-color-primary );}.elementor-8768 .elementor-element.elementor-element-a98ecd9{width:auto;max-width:auto;margin:0px 0px calc(var(--kit-widget-spacing, 0px) + 0px) 0px;padding:19px 19px 19px 19px;text-align:justify;}.elementor-8768 .elementor-element.elementor-element-a98ecd9.elementor-element{--align-self:stretch;}.elementor-widget-button .elementor-button{background-color:var( --e-global-color-accent );font-family:var( --e-global-typography-accent-font-family ), Sans-serif;font-size:var( --e-global-typography-accent-font-size );font-weight:var( --e-global-typography-accent-font-weight );line-height:var( --e-global-typography-accent-line-height );}.elementor-8768 .elementor-element.elementor-element-0a8d661{padding:-1px -1px -1px -1px;}.elementor-8768 .elementor-element.elementor-element-0a8d661 .elementor-button-content-wrapper{flex-direction:row;}.elementor-8768 .elementor-element.elementor-element-0a8d661 .elementor-button{box-shadow:21px 7px 25px -2px rgba(0,0,0,0.5);border-radius:-2px -2px -2px -2px;}:root{--page-title-display:none;}@media(max-width:1024px){.elementor-widget-image .widget-image-caption{font-size:var( --e-global-typography-text-font-size );line-height:var( --e-global-typography-text-line-height );}.elementor-widget-heading .elementor-heading-title{font-size:var( --e-global-typography-primary-font-size );line-height:var( --e-global-typography-primary-line-height );}.elementor-8768 .elementor-element.elementor-element-deac12e .elementor-heading-title{font-size:var( --e-global-typography-secondary-font-size );line-height:var( --e-global-typography-secondary-line-height );}.elementor-widget-text-editor{font-size:var( --e-global-typography-text-font-size );line-height:var( --e-global-typography-text-line-height );}.elementor-widget-button .elementor-button{font-size:var( --e-global-typography-accent-font-size );line-height:var( --e-global-typography-accent-line-height );}}@media(max-width:767px){.elementor-widget-image .widget-image-caption{font-size:var( --e-global-typography-text-font-size );line-height:var( --e-global-typography-text-line-height );}.elementor-widget-heading .elementor-heading-title{font-size:var( --e-global-typography-primary-font-size );line-height:var( --e-global-typography-primary-line-height );}.elementor-8768 .elementor-element.elementor-element-deac12e .elementor-heading-title{font-size:var( --e-global-typography-secondary-font-size );line-height:var( --e-global-typography-secondary-line-height );}.elementor-widget-text-editor{font-size:var( --e-global-typography-text-font-size );line-height:var( --e-global-typography-text-line-height );}.elementor-widget-button .elementor-button{font-size:var( --e-global-typography-accent-font-size );line-height:var( --e-global-typography-accent-line-height );}}<\/style>\t\t<div data-elementor-type=\"wp-post\" data-elementor-id=\"8768\" class=\"elementor elementor-8768\" data-elementor-post-type=\"post\">\n\t\t\t\t<div class=\"elementor-element elementor-element-e2c6525 e-flex e-con-boxed e-con e-parent\" data-id=\"e2c6525\" data-element_type=\"container\" data-settings=\"{&quot;ekit_has_onepagescroll_dot&quot;:&quot;yes&quot;}\">\n\t\t\t\t\t<div class=\"e-con-inner\">\n\t\t\t\t<div class=\"elementor-element elementor-element-487ddb1 elementor-widget elementor-widget-image\" data-id=\"487ddb1\" data-element_type=\"widget\" data-settings=\"{&quot;ekit_we_effect_on&quot;:&quot;none&quot;}\" data-widget_type=\"image.default\">\n\t\t\t\t\t\t\t\t\t\t\t\t\t\t\t<img fetchpriority=\"high\" decoding=\"async\" width=\"1280\" height=\"640\" src=\"https:\/\/optimacall.ro\/wp-content\/uploads\/2024\/07\/Recicleaza-si-doneaza.png\" class=\"attachment-full size-full wp-image-8770\" alt=\"Reciclar y donar\" srcset=\"https:\/\/optimacall.ro\/wp-content\/uploads\/2024\/07\/Recicleaza-si-doneaza.png 1280w, https:\/\/optimacall.ro\/wp-content\/uploads\/2024\/07\/Recicleaza-si-doneaza-300x150.png 300w, https:\/\/optimacall.ro\/wp-content\/uploads\/2024\/07\/Recicleaza-si-doneaza-1024x512.png 1024w, https:\/\/optimacall.ro\/wp-content\/uploads\/2024\/07\/Recicleaza-si-doneaza-768x384.png 768w, https:\/\/optimacall.ro\/wp-content\/uploads\/2024\/07\/Recicleaza-si-doneaza-18x9.png 18w\" sizes=\"(max-width: 1280px) 100vw, 1280px\" \/>\t\t\t\t\t\t\t\t\t\t\t\t\t\t\t<\/div>\n\t\t\t\t<div class=\"elementor-element elementor-element-deac12e elementor-widget elementor-widget-heading\" data-id=\"deac12e\" data-element_type=\"widget\" data-settings=\"{&quot;ekit_we_effect_on&quot;:&quot;none&quot;}\" data-widget_type=\"heading.default\">\n\t\t\t\t\t<h1 class=\"elementor-heading-title elementor-size-default\">Proyecto Recicla y Dona en Optima: \u00a1Cuando reciclas, salvas el mundo!<\/h1>\t\t\t\t<\/div>\n\t\t\t\t<div class=\"elementor-element elementor-element-a98ecd9 elementor-widget__width-auto elementor-widget elementor-widget-text-editor\" data-id=\"a98ecd9\" data-element_type=\"widget\" data-settings=\"{&quot;ekit_we_effect_on&quot;:&quot;none&quot;}\" data-widget_type=\"text-editor.default\">\n\t\t\t\t\t\t\t\t\t<p>El proyecto \"Recicla y Dona\" de Optima es una iniciativa innovadora que a\u00fana la protecci\u00f3n del medio ambiente y el apoyo a la comunidad. Lanzado con el objetivo de aportar un doble beneficio, este proyecto demuestra nuestro compromiso con la sostenibilidad y la solidaridad social.<\/p><p>\"Recicla y Dona\" no es s\u00f3lo un eslogan, sino un compromiso concreto para hacer el bien tanto a la naturaleza como a los necesitados. Con esta iniciativa, demostramos que el reciclaje puede ser una poderosa herramienta de cambio positivo en la comunidad.<\/p><h3><strong>Proyecto Recicla y Dona<\/strong><\/h3><p><strong>El sistema de garant\u00eda de devoluci\u00f3n (GRS)<\/strong><\/p><p>En todos los centros Optima se han instalado contenedores especiales para el reciclado de envases mediante el Sistema de Garant\u00eda de Devoluci\u00f3n (SGR), que no s\u00f3lo facilita el reciclado sino que tambi\u00e9n fomenta la participaci\u00f3n activa de la comunidad. Cada envase reciclado en estos contenedores especiales tiene un doble beneficio: ayudar al medio ambiente y apoyar una buena causa.<\/p><p><strong>Donaciones en nombre de los empleados<\/strong><\/p><p>Cada envase que los compa\u00f1eros reciclan en estos contenedores especiales representa una donaci\u00f3n que Optima hace en su nombre. Esta iniciativa pone de relieve que reciclar no es s\u00f3lo una responsabilidad individual, sino tambi\u00e9n una oportunidad de hacer el bien colectivamente. Los fondos recaudados con el reciclaje se destinan a ayudar a familias necesitadas mediante la compra de art\u00edculos esenciales para una vida digna: frigor\u00edficos, hornos, lavadoras y otros art\u00edculos necesarios.<\/p><h3><strong>El impacto del reciclaje en la comunidad<\/strong><\/h3><p><strong>Ayuda a las familias necesitadas<\/strong><\/p><p>Con un simple gesto, no s\u00f3lo reducimos los residuos y conservamos los recursos naturales, sino que llevamos un rayo de esperanza a la vida de quienes m\u00e1s ayuda necesitan. El reciclaje se convierte as\u00ed en un acto de solidaridad, una forma en la que cada envase contribuye a mejorar la vida de las familias. Optima destina los fondos obtenidos del reciclaje a la compra de productos de primera necesidad, garantizando una vida mejor a los m\u00e1s necesitados.<\/p><p><strong>Responsabilidad social y solidaridad<\/strong><\/p><p>La campa\u00f1a \"Recicla y Dona\" es algo m\u00e1s que reciclar: es una invitaci\u00f3n a la solidaridad y a la responsabilidad social. Cada uno de nosotros puede hacer un peque\u00f1o gesto para lograr un gran cambio. Reciclar no es s\u00f3lo un proceso t\u00e9cnico, sino tambi\u00e9n un acto de empat\u00eda y responsabilidad hacia otros miembros de la comunidad.<\/p><h3><strong>Beneficios medioambientales del reciclaje<\/strong><\/h3><p><strong>Reducci\u00f3n de residuos y conservaci\u00f3n de los recursos naturales<\/strong><\/p><p>El reciclaje tiene un impacto directo en el medio ambiente, ya que ayuda a reducir los residuos y a conservar los recursos naturales. Cada envase reciclado supone menos recursos extra\u00eddos de la naturaleza y menos residuos que van a parar a los vertederos. Esto tiene un efecto positivo a largo plazo sobre los ecosistemas y la biodiversidad.<\/p><p><strong>Reducci\u00f3n de la huella de carbono<\/strong><\/p><p>Al reciclar, tambi\u00e9n ayudamos a reducir nuestra huella de carbono. La producci\u00f3n de nuevos envases a partir de materiales reciclados consume menos energ\u00eda que la producci\u00f3n a partir de nuevas materias primas. As\u00ed que cada envase reciclado contribuye a reducir las emisiones de gases de efecto invernadero, reduciendo el cambio clim\u00e1tico.<\/p><h3><strong>Proyecto Recicla y Dona<\/strong><\/h3><p>El proyecto \"Recicla y Dona\" de Optima es la prueba de que, mediante el esfuerzo y el compromiso conjuntos, podemos marcar una diferencia significativa. Es un ejemplo de c\u00f3mo la responsabilidad medioambiental y la solidaridad social pueden ir de la mano, beneficiando tanto a la naturaleza como a la comunidad. Cada paquete reciclado aporta una gota de esperanza y una contribuci\u00f3n vital a un futuro mejor.<\/p>\t\t\t\t\t\t\t\t<\/div>\n\t\t\t\t<div class=\"elementor-element elementor-element-0a8d661 elementor-widget elementor-widget-button\" data-id=\"0a8d661\" data-element_type=\"widget\" data-settings=\"{&quot;ekit_we_effect_on&quot;:&quot;none&quot;}\" data-widget_type=\"button.default\">\n\t\t\t\t\t\t\t\t\t\t<a class=\"elementor-button elementor-button-link elementor-size-sm\" href=\"https:\/\/optimacall.ro\/en\/career\/%20\">\n\t\t\t\t\t\t<span class=\"elementor-button-content-wrapper\">\n\t\t\t\t\t\t<span class=\"elementor-button-icon\">\n\t\t\t\t<svg aria-hidden=\"true\" class=\"e-font-icon-svg e-far-hand-point-right\" viewbox=\"0 0 512 512\" xmlns=\"http:\/\/www.w3.org\/2000\/svg\"><path d=\"M428.8 137.6h-86.177a115.52 115.52 0 0 0 2.176-22.4c0-47.914-35.072-83.2-92-83.2-45.314 0-57.002 48.537-75.707 78.784-7.735 12.413-16.994 23.317-25.851 33.253l-.131.146-.129.148C135.662 161.807 127.764 168 120.8 168h-2.679c-5.747-4.952-13.536-8-22.12-8H32c-17.673 0-32 12.894-32 28.8v230.4C0 435.106 14.327 448 32 448h64c8.584 0 16.373-3.048 22.12-8h2.679c28.688 0 67.137 40 127.2 40h21.299c62.542 0 98.8-38.658 99.94-91.145 12.482-17.813 18.491-40.785 15.985-62.791A93.148 93.148 0 0 0 393.152 304H428.8c45.435 0 83.2-37.584 83.2-83.2 0-45.099-38.101-83.2-83.2-83.2zm0 118.4h-91.026c12.837 14.669 14.415 42.825-4.95 61.05 11.227 19.646 1.687 45.624-12.925 53.625 6.524 39.128-10.076 61.325-50.6 61.325H248c-45.491 0-77.21-35.913-120-39.676V215.571c25.239-2.964 42.966-21.222 59.075-39.596 11.275-12.65 21.725-25.3 30.799-39.875C232.355 112.712 244.006 80 252.8 80c23.375 0 44 8.8 44 35.2 0 35.2-26.4 53.075-26.4 70.4h158.4c18.425 0 35.2 16.5 35.2 35.2 0 18.975-16.225 35.2-35.2 35.2zM88 384c0 13.255-10.745 24-24 24s-24-10.745-24-24 10.745-24 24-24 24 10.745 24 24z\"><\/path><\/svg>\t\t\t<\/span>\n\t\t\t\t\t\t\t\t\t<span class=\"elementor-button-text\">\u00a1Vamos a conocernos!<\/span>\n\t\t\t\t\t<\/span>\n\t\t\t\t\t<\/a>\n\t\t\t\t\t\t\t\t<\/div>\n\t\t\t\t\t<\/div>\n\t\t\t\t<\/div>\n\t\t\t\t<\/div>","protected":false},"excerpt":{"rendered":"<p>Proiectul &#8222;Recicleaz\u0103 \u0219i Doneaz\u0103&#8221; la Optima: C\u00e2nd reciclezi, lumea o salvezi! Proiectul &#8222;Recicleaz\u0103 \u0219i Doneaz\u0103&#8221; la Optima este o ini\u021biativ\u0103 inovatoare care reune\u0219te protec\u021bia mediului \u0219i sprijinul comunit\u0103\u021bii. Lansat cu scopul de a aduce beneficii duble, acest proiect dovede\u0219te angajamentul\u00a0 nostru fa\u021b\u0103 de sustenabilitate \u0219i solidaritate social\u0103. &#8222;Recicleaz\u0103 \u0219i Doneaz\u0103&#8221; nu este doar un slogan, [&hellip;]<\/p>\n","protected":false},"author":2,"featured_media":8770,"comment_status":"open","ping_status":"closed","sticky":false,"template":"elementor_header_footer","format":"standard","meta":{"footnotes":""},"categories":[1],"tags":[],"class_list":["post-8768","post","type-post","status-publish","format-standard","has-post-thumbnail","hentry","category-uncategorized-ro"],"yoast_head":"<!-- This site is optimized with the Yoast SEO Premium plugin v26.5 (Yoast SEO v26.5) - https:\/\/yoast.com\/wordpress\/plugins\/seo\/ -->\n<title>Proiectul Recicleaz\u0103 \u0219i Doneaz\u0103 la Optima<\/title>\n<meta name=\"description\" content=\"Proiectul &quot;Recicleaz\u0103 \u0219i Doneaz\u0103&quot; la Optima: recicleaz\u0103 pentru a ajuta comunitatea \u0219i mediul.\" \/>\n<meta name=\"robots\" content=\"index, follow, max-snippet:-1, max-image-preview:large, max-video-preview:-1\" \/>\n<link rel=\"canonical\" href=\"https:\/\/optimacall.ro\/es\/el-proyecto-recicla-y-dona-de-optima-cuando-reciclas-el-mundo-lo-salvas\/\" \/>\n<meta property=\"og:locale\" content=\"es_ES\" \/>\n<meta property=\"og:type\" content=\"article\" \/>\n<meta property=\"og:title\" content=\"Proiectul &quot;Recicleaz\u0103 \u0219i Doneaz\u0103&quot; la Optima: C\u00e2nd reciclezi, lumea o salvezi!\" \/>\n<meta property=\"og:description\" content=\"Proiectul &quot;Recicleaz\u0103 \u0219i Doneaz\u0103&quot; la Optima: recicleaz\u0103 pentru a ajuta comunitatea \u0219i mediul.\" \/>\n<meta property=\"og:url\" content=\"https:\/\/optimacall.ro\/es\/el-proyecto-recicla-y-dona-de-optima-cuando-reciclas-el-mundo-lo-salvas\/\" \/>\n<meta property=\"og:site_name\" content=\"Optima\" \/>\n<meta property=\"article:publisher\" content=\"https:\/\/www.facebook.com\/optimacall4excellence\/\" \/>\n<meta property=\"article:published_time\" content=\"2024-07-30T14:03:19+00:00\" \/>\n<meta property=\"article:modified_time\" content=\"2024-07-30T14:13:00+00:00\" \/>\n<meta property=\"og:image\" content=\"https:\/\/optimacall.ro\/wp-content\/uploads\/2024\/07\/Recicleaza-si-doneaza.png\" \/>\n\t<meta property=\"og:image:width\" content=\"1280\" \/>\n\t<meta property=\"og:image:height\" content=\"640\" \/>\n\t<meta property=\"og:image:type\" content=\"image\/png\" \/>\n<meta name=\"author\" content=\"Lungu Georgiana\" \/>\n<meta name=\"twitter:card\" content=\"summary_large_image\" \/>\n<meta name=\"twitter:label1\" content=\"Escrito por\" \/>\n\t<meta name=\"twitter:data1\" content=\"Lungu Georgiana\" \/>\n\t<meta name=\"twitter:label2\" content=\"Tiempo de lectura\" \/>\n\t<meta name=\"twitter:data2\" content=\"4 minutos\" \/>\n<script type=\"application\/ld+json\" class=\"yoast-schema-graph\">{\"@context\":\"https:\/\/schema.org\",\"@graph\":[{\"@type\":\"Article\",\"@id\":\"https:\/\/optimacall.ro\/proiectul-recicleaza-si-doneaza-la-optima-cand-reciclezi-lumea-o-salvezi\/#article\",\"isPartOf\":{\"@id\":\"https:\/\/optimacall.ro\/proiectul-recicleaza-si-doneaza-la-optima-cand-reciclezi-lumea-o-salvezi\/\"},\"author\":{\"name\":\"Lungu Georgiana\",\"@id\":\"https:\/\/optimacall.ro\/#\/schema\/person\/bfc6d7b85ac797851f1c25ccc9162f17\"},\"headline\":\"Proiectul &#8222;Recicleaz\u0103 \u0219i Doneaz\u0103&#8221; la Optima: C\u00e2nd reciclezi, lumea o salvezi!\",\"datePublished\":\"2024-07-30T14:03:19+00:00\",\"dateModified\":\"2024-07-30T14:13:00+00:00\",\"mainEntityOfPage\":{\"@id\":\"https:\/\/optimacall.ro\/proiectul-recicleaza-si-doneaza-la-optima-cand-reciclezi-lumea-o-salvezi\/\"},\"wordCount\":623,\"commentCount\":0,\"publisher\":{\"@id\":\"https:\/\/optimacall.ro\/#organization\"},\"image\":{\"@id\":\"https:\/\/optimacall.ro\/proiectul-recicleaza-si-doneaza-la-optima-cand-reciclezi-lumea-o-salvezi\/#primaryimage\"},\"thumbnailUrl\":\"https:\/\/optimacall.ro\/wp-content\/uploads\/2024\/07\/Recicleaza-si-doneaza.png\",\"articleSection\":[\"Uncategorized @ro\"],\"inLanguage\":\"es\",\"potentialAction\":[{\"@type\":\"CommentAction\",\"name\":\"Comment\",\"target\":[\"https:\/\/optimacall.ro\/proiectul-recicleaza-si-doneaza-la-optima-cand-reciclezi-lumea-o-salvezi\/#respond\"]}]},{\"@type\":\"WebPage\",\"@id\":\"https:\/\/optimacall.ro\/proiectul-recicleaza-si-doneaza-la-optima-cand-reciclezi-lumea-o-salvezi\/\",\"url\":\"https:\/\/optimacall.ro\/proiectul-recicleaza-si-doneaza-la-optima-cand-reciclezi-lumea-o-salvezi\/\",\"name\":\"Proiectul Recicleaz\u0103 \u0219i Doneaz\u0103 la Optima\",\"isPartOf\":{\"@id\":\"https:\/\/optimacall.ro\/#website\"},\"primaryImageOfPage\":{\"@id\":\"https:\/\/optimacall.ro\/proiectul-recicleaza-si-doneaza-la-optima-cand-reciclezi-lumea-o-salvezi\/#primaryimage\"},\"image\":{\"@id\":\"https:\/\/optimacall.ro\/proiectul-recicleaza-si-doneaza-la-optima-cand-reciclezi-lumea-o-salvezi\/#primaryimage\"},\"thumbnailUrl\":\"https:\/\/optimacall.ro\/wp-content\/uploads\/2024\/07\/Recicleaza-si-doneaza.png\",\"datePublished\":\"2024-07-30T14:03:19+00:00\",\"dateModified\":\"2024-07-30T14:13:00+00:00\",\"description\":\"Proiectul \\\"Recicleaz\u0103 \u0219i Doneaz\u0103\\\" la Optima: recicleaz\u0103 pentru a ajuta comunitatea \u0219i mediul.\",\"breadcrumb\":{\"@id\":\"https:\/\/optimacall.ro\/proiectul-recicleaza-si-doneaza-la-optima-cand-reciclezi-lumea-o-salvezi\/#breadcrumb\"},\"inLanguage\":\"es\",\"potentialAction\":[{\"@type\":\"ReadAction\",\"target\":[\"https:\/\/optimacall.ro\/proiectul-recicleaza-si-doneaza-la-optima-cand-reciclezi-lumea-o-salvezi\/\"]}]},{\"@type\":\"ImageObject\",\"inLanguage\":\"es\",\"@id\":\"https:\/\/optimacall.ro\/proiectul-recicleaza-si-doneaza-la-optima-cand-reciclezi-lumea-o-salvezi\/#primaryimage\",\"url\":\"https:\/\/optimacall.ro\/wp-content\/uploads\/2024\/07\/Recicleaza-si-doneaza.png\",\"contentUrl\":\"https:\/\/optimacall.ro\/wp-content\/uploads\/2024\/07\/Recicleaza-si-doneaza.png\",\"width\":1280,\"height\":640,\"caption\":\"Recicleaza si doneaza\"},{\"@type\":\"BreadcrumbList\",\"@id\":\"https:\/\/optimacall.ro\/proiectul-recicleaza-si-doneaza-la-optima-cand-reciclezi-lumea-o-salvezi\/#breadcrumb\",\"itemListElement\":[{\"@type\":\"ListItem\",\"position\":1,\"name\":\"Optima\",\"item\":\"https:\/\/optimacall.ro\/\"},{\"@type\":\"ListItem\",\"position\":2,\"name\":\"Proiectul &#8222;Recicleaz\u0103 \u0219i Doneaz\u0103&#8221; la Optima: C\u00e2nd reciclezi, lumea o salvezi!\"}]},{\"@type\":\"WebSite\",\"@id\":\"https:\/\/optimacall.ro\/#website\",\"url\":\"https:\/\/optimacall.ro\/\",\"name\":\"Optima\",\"description\":\"Solu\u021bii integrate de contact center \u0219i RPA\",\"publisher\":{\"@id\":\"https:\/\/optimacall.ro\/#organization\"},\"potentialAction\":[{\"@type\":\"SearchAction\",\"target\":{\"@type\":\"EntryPoint\",\"urlTemplate\":\"https:\/\/optimacall.ro\/?s={search_term_string}\"},\"query-input\":{\"@type\":\"PropertyValueSpecification\",\"valueRequired\":true,\"valueName\":\"search_term_string\"}}],\"inLanguage\":\"es\"},{\"@type\":[\"Organization\",\"Place\"],\"@id\":\"https:\/\/optimacall.ro\/#organization\",\"name\":\"Optima\",\"alternateName\":\"Optima Solutions Services\",\"url\":\"https:\/\/optimacall.ro\/\",\"logo\":{\"@id\":\"https:\/\/optimacall.ro\/proiectul-recicleaza-si-doneaza-la-optima-cand-reciclezi-lumea-o-salvezi\/#local-main-organization-logo\"},\"image\":{\"@id\":\"https:\/\/optimacall.ro\/proiectul-recicleaza-si-doneaza-la-optima-cand-reciclezi-lumea-o-salvezi\/#local-main-organization-logo\"},\"sameAs\":[\"https:\/\/www.facebook.com\/optimacall4excellence\/\"],\"description\":\"Call center cu servicii de outsourcing\",\"legalName\":\"Optima Solutions Services SRL\",\"foundingDate\":\"2010-10-10\",\"numberOfEmployees\":{\"@type\":\"QuantitativeValue\",\"minValue\":\"51\",\"maxValue\":\"200\"},\"openingHoursSpecification\":[{\"@type\":\"OpeningHoursSpecification\",\"dayOfWeek\":[\"Monday\",\"Tuesday\",\"Wednesday\",\"Thursday\",\"Friday\",\"Saturday\",\"Sunday\"],\"opens\":\"09:00\",\"closes\":\"17:00\"}]},{\"@type\":\"Person\",\"@id\":\"https:\/\/optimacall.ro\/#\/schema\/person\/bfc6d7b85ac797851f1c25ccc9162f17\",\"name\":\"Lungu Georgiana\",\"image\":{\"@type\":\"ImageObject\",\"inLanguage\":\"es\",\"@id\":\"https:\/\/optimacall.ro\/#\/schema\/person\/image\/\",\"url\":\"https:\/\/secure.gravatar.com\/avatar\/c78e6266f70e0faeddb4a45662054b6911b0554f1250eec43817bde805ba2bc5?s=96&d=mm&r=g\",\"contentUrl\":\"https:\/\/secure.gravatar.com\/avatar\/c78e6266f70e0faeddb4a45662054b6911b0554f1250eec43817bde805ba2bc5?s=96&d=mm&r=g\",\"caption\":\"Lungu Georgiana\"},\"url\":\"https:\/\/optimacall.ro\/es\/author\/georgiana_lungu\/\"},{\"@type\":\"ImageObject\",\"inLanguage\":\"es\",\"@id\":\"https:\/\/optimacall.ro\/proiectul-recicleaza-si-doneaza-la-optima-cand-reciclezi-lumea-o-salvezi\/#local-main-organization-logo\",\"url\":\"https:\/\/optimacall.ro\/wp-content\/uploads\/2024\/03\/cropped-cropped-logo-optima-rain.png\",\"contentUrl\":\"https:\/\/optimacall.ro\/wp-content\/uploads\/2024\/03\/cropped-cropped-logo-optima-rain.png\",\"width\":112,\"height\":112,\"caption\":\"Optima\"}]}<\/script>\n<!-- \/ Yoast SEO Premium plugin. -->","yoast_head_json":{"title":"Proyecto \"Reciclar y donar\" en Optima","description":"Proyecto Recicla y Dona de Optima: recicla para ayudar a la comunidad y al medio ambiente.","robots":{"index":"index","follow":"follow","max-snippet":"max-snippet:-1","max-image-preview":"max-image-preview:large","max-video-preview":"max-video-preview:-1"},"canonical":"https:\/\/optimacall.ro\/es\/el-proyecto-recicla-y-dona-de-optima-cuando-reciclas-el-mundo-lo-salvas\/","og_locale":"es_ES","og_type":"article","og_title":"Proiectul \"Recicleaz\u0103 \u0219i Doneaz\u0103\" la Optima: C\u00e2nd reciclezi, lumea o salvezi!","og_description":"Proiectul \"Recicleaz\u0103 \u0219i Doneaz\u0103\" la Optima: recicleaz\u0103 pentru a ajuta comunitatea \u0219i mediul.","og_url":"https:\/\/optimacall.ro\/es\/el-proyecto-recicla-y-dona-de-optima-cuando-reciclas-el-mundo-lo-salvas\/","og_site_name":"Optima","article_publisher":"https:\/\/www.facebook.com\/optimacall4excellence\/","article_published_time":"2024-07-30T14:03:19+00:00","article_modified_time":"2024-07-30T14:13:00+00:00","og_image":[{"width":1280,"height":640,"url":"https:\/\/optimacall.ro\/wp-content\/uploads\/2024\/07\/Recicleaza-si-doneaza.png","type":"image\/png"}],"author":"Lungu Georgiana","twitter_card":"summary_large_image","twitter_misc":{"Escrito por":"Lungu Georgiana","Tiempo de lectura":"4 minutos"},"schema":{"@context":"https:\/\/schema.org","@graph":[{"@type":"Article","@id":"https:\/\/optimacall.ro\/proiectul-recicleaza-si-doneaza-la-optima-cand-reciclezi-lumea-o-salvezi\/#article","isPartOf":{"@id":"https:\/\/optimacall.ro\/proiectul-recicleaza-si-doneaza-la-optima-cand-reciclezi-lumea-o-salvezi\/"},"author":{"name":"Lungu Georgiana","@id":"https:\/\/optimacall.ro\/#\/schema\/person\/bfc6d7b85ac797851f1c25ccc9162f17"},"headline":"Proiectul &#8222;Recicleaz\u0103 \u0219i Doneaz\u0103&#8221; la Optima: C\u00e2nd reciclezi, lumea o salvezi!","datePublished":"2024-07-30T14:03:19+00:00","dateModified":"2024-07-30T14:13:00+00:00","mainEntityOfPage":{"@id":"https:\/\/optimacall.ro\/proiectul-recicleaza-si-doneaza-la-optima-cand-reciclezi-lumea-o-salvezi\/"},"wordCount":623,"commentCount":0,"publisher":{"@id":"https:\/\/optimacall.ro\/#organization"},"image":{"@id":"https:\/\/optimacall.ro\/proiectul-recicleaza-si-doneaza-la-optima-cand-reciclezi-lumea-o-salvezi\/#primaryimage"},"thumbnailUrl":"https:\/\/optimacall.ro\/wp-content\/uploads\/2024\/07\/Recicleaza-si-doneaza.png","articleSection":["Uncategorized @ro"],"inLanguage":"es","potentialAction":[{"@type":"CommentAction","name":"Comment","target":["https:\/\/optimacall.ro\/proiectul-recicleaza-si-doneaza-la-optima-cand-reciclezi-lumea-o-salvezi\/#respond"]}]},{"@type":"WebPage","@id":"https:\/\/optimacall.ro\/proiectul-recicleaza-si-doneaza-la-optima-cand-reciclezi-lumea-o-salvezi\/","url":"https:\/\/optimacall.ro\/proiectul-recicleaza-si-doneaza-la-optima-cand-reciclezi-lumea-o-salvezi\/","name":"Proyecto \"Reciclar y donar\" en Optima","isPartOf":{"@id":"https:\/\/optimacall.ro\/#website"},"primaryImageOfPage":{"@id":"https:\/\/optimacall.ro\/proiectul-recicleaza-si-doneaza-la-optima-cand-reciclezi-lumea-o-salvezi\/#primaryimage"},"image":{"@id":"https:\/\/optimacall.ro\/proiectul-recicleaza-si-doneaza-la-optima-cand-reciclezi-lumea-o-salvezi\/#primaryimage"},"thumbnailUrl":"https:\/\/optimacall.ro\/wp-content\/uploads\/2024\/07\/Recicleaza-si-doneaza.png","datePublished":"2024-07-30T14:03:19+00:00","dateModified":"2024-07-30T14:13:00+00:00","description":"Proyecto Recicla y Dona de Optima: recicla para ayudar a la comunidad y al medio ambiente.","breadcrumb":{"@id":"https:\/\/optimacall.ro\/proiectul-recicleaza-si-doneaza-la-optima-cand-reciclezi-lumea-o-salvezi\/#breadcrumb"},"inLanguage":"es","potentialAction":[{"@type":"ReadAction","target":["https:\/\/optimacall.ro\/proiectul-recicleaza-si-doneaza-la-optima-cand-reciclezi-lumea-o-salvezi\/"]}]},{"@type":"ImageObject","inLanguage":"es","@id":"https:\/\/optimacall.ro\/proiectul-recicleaza-si-doneaza-la-optima-cand-reciclezi-lumea-o-salvezi\/#primaryimage","url":"https:\/\/optimacall.ro\/wp-content\/uploads\/2024\/07\/Recicleaza-si-doneaza.png","contentUrl":"https:\/\/optimacall.ro\/wp-content\/uploads\/2024\/07\/Recicleaza-si-doneaza.png","width":1280,"height":640,"caption":"Recicleaza si doneaza"},{"@type":"BreadcrumbList","@id":"https:\/\/optimacall.ro\/proiectul-recicleaza-si-doneaza-la-optima-cand-reciclezi-lumea-o-salvezi\/#breadcrumb","itemListElement":[{"@type":"ListItem","position":1,"name":"Optima","item":"https:\/\/optimacall.ro\/"},{"@type":"ListItem","position":2,"name":"Proiectul &#8222;Recicleaz\u0103 \u0219i Doneaz\u0103&#8221; la Optima: C\u00e2nd reciclezi, lumea o salvezi!"}]},{"@type":"WebSite","@id":"https:\/\/optimacall.ro\/#website","url":"https:\/\/optimacall.ro\/","name":"Optima","description":"Soluciones integradas de Contact Center y RPA","publisher":{"@id":"https:\/\/optimacall.ro\/#organization"},"potentialAction":[{"@type":"SearchAction","target":{"@type":"EntryPoint","urlTemplate":"https:\/\/optimacall.ro\/?s={search_term_string}"},"query-input":{"@type":"PropertyValueSpecification","valueRequired":true,"valueName":"search_term_string"}}],"inLanguage":"es"},{"@type":["Organization","Place"],"@id":"https:\/\/optimacall.ro\/#organization","name":"Optima","alternateName":"Optima Solutions Services","url":"https:\/\/optimacall.ro\/","logo":{"@id":"https:\/\/optimacall.ro\/proiectul-recicleaza-si-doneaza-la-optima-cand-reciclezi-lumea-o-salvezi\/#local-main-organization-logo"},"image":{"@id":"https:\/\/optimacall.ro\/proiectul-recicleaza-si-doneaza-la-optima-cand-reciclezi-lumea-o-salvezi\/#local-main-organization-logo"},"sameAs":["https:\/\/www.facebook.com\/optimacall4excellence\/"],"description":"Servicios de externalizaci\u00f3n de centros de llamadas","legalName":"Optima Solutions Services SRL","foundingDate":"2010-10-10","numberOfEmployees":{"@type":"QuantitativeValue","minValue":"51","maxValue":"200"},"openingHoursSpecification":[{"@type":"OpeningHoursSpecification","dayOfWeek":["Monday","Tuesday","Wednesday","Thursday","Friday","Saturday","Sunday"],"opens":"09:00","closes":"17:00"}]},{"@type":"Person","@id":"https:\/\/optimacall.ro\/#\/schema\/person\/bfc6d7b85ac797851f1c25ccc9162f17","name":"Lungu Georgiana","image":{"@type":"ImageObject","inLanguage":"es","@id":"https:\/\/optimacall.ro\/#\/schema\/person\/image\/","url":"https:\/\/secure.gravatar.com\/avatar\/c78e6266f70e0faeddb4a45662054b6911b0554f1250eec43817bde805ba2bc5?s=96&d=mm&r=g","contentUrl":"https:\/\/secure.gravatar.com\/avatar\/c78e6266f70e0faeddb4a45662054b6911b0554f1250eec43817bde805ba2bc5?s=96&d=mm&r=g","caption":"Lungu Georgiana"},"url":"https:\/\/optimacall.ro\/es\/author\/georgiana_lungu\/"},{"@type":"ImageObject","inLanguage":"es","@id":"https:\/\/optimacall.ro\/proiectul-recicleaza-si-doneaza-la-optima-cand-reciclezi-lumea-o-salvezi\/#local-main-organization-logo","url":"https:\/\/optimacall.ro\/wp-content\/uploads\/2024\/03\/cropped-cropped-logo-optima-rain.png","contentUrl":"https:\/\/optimacall.ro\/wp-content\/uploads\/2024\/03\/cropped-cropped-logo-optima-rain.png","width":112,"height":112,"caption":"Optima"}]}},"_links":{"self":[{"href":"https:\/\/optimacall.ro\/es\/wp-json\/wp\/v2\/posts\/8768","targetHints":{"allow":["GET"]}}],"collection":[{"href":"https:\/\/optimacall.ro\/es\/wp-json\/wp\/v2\/posts"}],"about":[{"href":"https:\/\/optimacall.ro\/es\/wp-json\/wp\/v2\/types\/post"}],"author":[{"embeddable":true,"href":"https:\/\/optimacall.ro\/es\/wp-json\/wp\/v2\/users\/2"}],"replies":[{"embeddable":true,"href":"https:\/\/optimacall.ro\/es\/wp-json\/wp\/v2\/comments?post=8768"}],"version-history":[{"count":1,"href":"https:\/\/optimacall.ro\/es\/wp-json\/wp\/v2\/posts\/8768\/revisions"}],"predecessor-version":[{"id":8780,"href":"https:\/\/optimacall.ro\/es\/wp-json\/wp\/v2\/posts\/8768\/revisions\/8780"}],"wp:featuredmedia":[{"embeddable":true,"href":"https:\/\/optimacall.ro\/es\/wp-json\/wp\/v2\/media\/8770"}],"wp:attachment":[{"href":"https:\/\/optimacall.ro\/es\/wp-json\/wp\/v2\/media?parent=8768"}],"wp:term":[{"taxonomy":"category","embeddable":true,"href":"https:\/\/optimacall.ro\/es\/wp-json\/wp\/v2\/categories?post=8768"},{"taxonomy":"post_tag","embeddable":true,"href":"https:\/\/optimacall.ro\/es\/wp-json\/wp\/v2\/tags?post=8768"}],"curies":[{"name":"wp","href":"https:\/\/api.w.org\/{rel}","templated":true}]}}